{"id":1621,"date":"2019-04-19T22:30:42","date_gmt":"2019-04-19T20:30:42","guid":{"rendered":"https:\/\/www.lectures-de-ma-l.fr\/?p=1621"},"modified":"2021-10-29T23:10:26","modified_gmt":"2021-10-29T21:10:26","slug":"possession-de-patrick-vincelet","status":"publish","type":"post","link":"https:\/\/sensationslivres.com\/fr_fr\/possession-de-patrick-vincelet\/","title":{"rendered":"La possession a-t-elle pris tout votre \u00eatre ?"},"content":{"rendered":"\n<div class=\"wp-block-image\"><figure class=\"aligncenter size-full\"><img loading=\"lazy\" decoding=\"async\" width=\"333\" height=\"500\" src=\"https:\/\/sensationslivres.com\/wp-content\/uploads\/2019\/04\/La-possession-Patrick-Vincelet.jpg\" alt=\"visage-deforme-brouillard-representant-la-possession-auteur-patrick-vincelet\" class=\"wp-image-8601\" srcset=\"https:\/\/sensationslivres.com\/wp-content\/uploads\/2019\/04\/La-possession-Patrick-Vincelet.jpg 333w, https:\/\/sensationslivres.com\/wp-content\/uploads\/2019\/04\/La-possession-Patrick-Vincelet-200x300.jpg 200w, https:\/\/sensationslivres.com\/wp-content\/uploads\/2019\/04\/La-possession-Patrick-Vincelet-167x250.jpg 167w, https:\/\/sensationslivres.com\/wp-content\/uploads\/2019\/04\/La-possession-Patrick-Vincelet-320x480.jpg 320w\" sizes=\"auto, (max-width: 333px) 100vw, 333px\" \/><figcaption>Quand la possession prend votre \u00e2me, n&rsquo;est-ce pas le pire des maux ? <\/figcaption><\/figure><\/div>\n\n\n\n<p>J&rsquo;ai d\u00e9couvert cet ouvrage et rencontr\u00e9 son auteur, Patrick Vincelet, lors de l&rsquo;\u00e9mission d&rsquo;Andr\u00e9 Papazian, sur la web radio Radio 61110. <\/p>\n\n\n\n<p>La th\u00e9matique m&rsquo;int\u00e9ressant \u00e0 la fois d&rsquo;un point de vue sociale et psychologique : la possession.  Elle colle, de plus, d&rsquo;une certaine mani\u00e8re \u00e0 l&rsquo;actualit\u00e9 qui nous anime r\u00e9guli\u00e8rement depuis le mois de novembre : une forte majorit\u00e9 de la population s&rsquo;\u00e9tant \u00e9lev\u00e9e contre une injustice fiscale et sociale qui semble de plus en plus permettre d&rsquo;\u00eatre poss\u00e9d\u00e9 plut\u00f4t que possesseur pour une majorit\u00e9 d&rsquo;entre nous.  <\/p>\n\n\n\n<p>Mais ce n&rsquo;est pas le but de cet ouvrage, qui se divise en 4 parties : <\/p>\n\n\n\n<ul class=\"sm-color-signal-0 nb-list wp-block-list\" data-palette=\"1\" data-palette-variation=\"1\" data-color-signal=\"0\"><li>La premi\u00e8re, plut\u00f4t trait\u00e9e d&rsquo;un point de vue sociale, philosophique et psychologique<\/li><li>La seconde aborde la possession dans la foi chr\u00e9tienne<\/li><li>La troisi\u00e8me \u00e9voque le poss\u00e9d\u00e9<\/li><li>Enfin, une quatri\u00e8me partie \u00e9claire le chemin de foi que parcours l&rsquo;initi\u00e9 selon sa culture<\/li><\/ul>\n\n\n\n<h2 class=\"has-normal-font-size wp-block-heading\">Un ouvrage qui nous interroge sur notre relation \u00e0 la possession<\/h2>\n\n\n\n<p>J&rsquo;ai beaucoup aim\u00e9 la premi\u00e8re partie de cet ouvrage qui reprend des questions que nous devrions nous poser quant \u00e0 notre rapport aux objets, \u00e0 l&rsquo;autre et m\u00eame \u00e0 notre foi lorsque nous en avons une. <\/p>\n\n\n\n<p>Trop souvent, nous ne savons nous contenter de ce que nous poss\u00e9dons, nous en voulons toujours plus. C&rsquo;est dans notre nature, certes, mais cette course \u00e0 la possession d&rsquo;objets utiles ou inutiles en tous genres conduit aux exc\u00e8s que nous vivons aujourd&rsquo;hui, au gaspillage. Pire encore, \u00e0 un saccage en r\u00e8gle de notre maison, la Terre, qui souffre de plus en plus de cette course au \u00ab\u00a0Je veux tout !\u00a0\u00bb.<\/p>\n\n\n\n<p>Cette premi\u00e8re partie nous pose \u00e0 la fois comme acteur et comme spectateur de notre attitude vis \u00e0 vis des objets et des gens. De notre notion de l&rsquo;amour, qui n&rsquo;en est pas un lorsque nous consid\u00e9rons notre alter ego comme n\u00f4tre, plut\u00f4t que comme un \u00eatre libre de ses pens\u00e9es, de ses actes. <\/p>\n\n\n\n<h2 class=\"has-normal-font-size wp-block-heading\">La possession d&rsquo;un point de vue chr\u00e9tien<\/h2>\n\n\n\n<p>Pour un catholique en recherche de r\u00e9ponses \u00e0 cette question dans son chemin de foi,  je pense que cet ouvrage est un parfait moyen de vous aider dans votre voie.  Il y pose des questionnements et des r\u00e9flexions qui vous permettront de le r\u00e9aliser. De parvenir \u00e0 la comprendre et l&#8217;embrasser en toute connaissance. <\/p>\n\n\n\n<p>Dans la troisi\u00e8me partie, le poss\u00e9d\u00e9 est trait\u00e9 dans une vision historique et m\u00e9dicale. Je vous avoue que l\u00e0, mes convictions personnelles ne m&rsquo;ont pas permis de comprendre ou d&rsquo;appr\u00e9cier cette partie, sans doute plus appropri\u00e9 aux personnes qui partagent cette foi, ce chemin de vie. <\/p>\n\n\n\n<h2 class=\"has-normal-font-size wp-block-heading\">Une ouverture au monde et \u00e0 l&rsquo;autre<\/h2>\n\n\n\n<p>M\u00eame si cette derni\u00e8re partie est toujours sous le sceau du chemin de foi, il s&rsquo;ouvre sur les postulants d&rsquo;autres cultures, en particulier l&rsquo;Afrique. La mise en lumi\u00e8re de nos diff\u00e9rences culturelles et les moyens \u00e0 mettre en oeuvre pour les accueillir, les aider \u00e0 unir la foi catholique et leurs cultures est pleine de bon sens et d&rsquo;id\u00e9es justes. <\/p>\n\n\n\n<p>Patrick Vincelet y d\u00e9nonce aussi la foi business, celle qui au lieu d&rsquo;aider vous enfonce un peu plus dans cette possession ou l&rsquo;on ne sait qui de l&rsquo;homme ou de l&rsquo;objet poss\u00e8de l&rsquo;autre.<\/p>\n\n\n\n<h2 class=\"has-normal-font-size wp-block-heading\">Mon avis<\/h2>\n\n\n\n<p>Patrick Vincelet est un passionn\u00e9 d&rsquo;ethnologie. Son amour de l&rsquo;autre, de cet autre diff\u00e9rent et libre est tr\u00e8s pr\u00e9sent dans cet ouvrage.  J&rsquo;y retrouve la personne pos\u00e9e et r\u00e9fl\u00e9chie que je rencontre dans les salons.<\/p>\n\n\n\n<p>J&rsquo;ai beaucoup aim\u00e9 le premier et le dernier chapitre de son ouvrage. Le premier car il m&rsquo;a permis de me r\u00e9interroger sur mon rapport aux choses, aux objets et au monde. Que serais-je pr\u00eate \u00e0 sacrifier de mes possessions pour le bien-\u00eatre de l&rsquo;autre, de moi ? Il am\u00e8ne \u00e0 la r\u00e9flexion sur notre rapport au monde.  Le dernier chapitre de son ouvrage m&rsquo;a permis de voyager dans des univers et culture inconnus, certes bri\u00e8vement, mais suffisamment pour me demander si je savais respecter celui qui vient d&rsquo;ailleurs, dans toute sa diff\u00e9rence et sans oublier la mienne. <\/p>\n\n\n\n<p>Les chapitres 3 et 4 m&rsquo;ont fait voyager d&rsquo;une autre mani\u00e8re, mais ne poss\u00e9dant que peu de connaissances et comp\u00e9tences de ce domaine, je n&rsquo;ai gu\u00e8re accroch\u00e9.  Cela ne m&#8217;emp\u00eache pas d&rsquo;appr\u00e9cier les nombreux liens, si vous \u00eates curieux, qui vous permettront d&#8217;embrasser ces deux chapitres de mani\u00e8re plus profonde. <\/p>\n\n\n\n<p>Cela n&rsquo;\u00f4te pas la qualit\u00e9 de cet ouvrage, qui je le crois, s&rsquo;adresse toutefois \u00e0 un public averti ou curieux de la religion catholique. <\/p>\n\n\n\n<p><em>Et vous, quelle est votre rapport \u00e0 la possession ? Vous pensez-vous poss\u00e9dant ou poss\u00e9d\u00e9 ? <\/em><\/p>\n\n\n\n<h2 class=\"has-normal-font-size wp-block-heading\">Le r\u00e9sum\u00e9<\/h2>\n\n\n\n<p>\u00ab\u00a0Poss\u00e9der ou \u00eatre poss\u00e9d\u00e9 : lequel est le pire ?\u00a0\u00bb L&rsquo;illusion mat\u00e9rialiste de notre monde interroge Patrick Vincelet sur notre avenir. Par ces pages, il nous montre la voie que nous pourrions suivre afin de ne plus \u00eatre poss\u00e9d\u00e9. <\/p>\n","protected":false},"excerpt":{"rendered":"<p>J&rsquo;ai d\u00e9couvert cet ouvrage et rencontr\u00e9 son auteur, Patrick Vincelet, lors de l&rsquo;\u00e9mission d&rsquo;Andr\u00e9 Papazian, sur la web radio Radio 61110. La th\u00e9matique m&rsquo;int\u00e9ressant \u00e0 [&hellip;]<\/p>\n","protected":false},"author":1,"featured_media":0,"comment_status":"open","ping_status":"open","sticky":false,"template":"","format":"standard","meta":{"novablocks_hero_scroll_indicator":false,"novablocks_hero_position_indicators":false,"footnotes":""},"categories":[31],"tags":[],"class_list":["post-1621","post","type-post","status-publish","format-standard","hentry","category-psycho-philo-socio"],"_links":{"self":[{"href":"https:\/\/sensationslivres.com\/fr_fr\/wp-json\/wp\/v2\/posts\/1621","targetHints":{"allow":["GET"]}}],"collection":[{"href":"https:\/\/sensationslivres.com\/fr_fr\/wp-json\/wp\/v2\/posts"}],"about":[{"href":"https:\/\/sensationslivres.com\/fr_fr\/wp-json\/wp\/v2\/types\/post"}],"author":[{"embeddable":true,"href":"https:\/\/sensationslivres.com\/fr_fr\/wp-json\/wp\/v2\/users\/1"}],"replies":[{"embeddable":true,"href":"https:\/\/sensationslivres.com\/fr_fr\/wp-json\/wp\/v2\/comments?post=1621"}],"version-history":[{"count":1,"href":"https:\/\/sensationslivres.com\/fr_fr\/wp-json\/wp\/v2\/posts\/1621\/revisions"}],"predecessor-version":[{"id":8605,"href":"https:\/\/sensationslivres.com\/fr_fr\/wp-json\/wp\/v2\/posts\/1621\/revisions\/8605"}],"wp:attachment":[{"href":"https:\/\/sensationslivres.com\/fr_fr\/wp-json\/wp\/v2\/media?parent=1621"}],"wp:term":[{"taxonomy":"category","embeddable":true,"href":"https:\/\/sensationslivres.com\/fr_fr\/wp-json\/wp\/v2\/categories?post=1621"},{"taxonomy":"post_tag","embeddable":true,"href":"https:\/\/sensationslivres.com\/fr_fr\/wp-json\/wp\/v2\/tags?post=1621"}],"curies":[{"name":"wp","href":"https:\/\/api.w.org\/{rel}","templated":true}]}}