{"id":1626,"date":"2019-06-09T10:18:55","date_gmt":"2019-06-09T08:18:55","guid":{"rendered":"https:\/\/www.lectures-de-ma-l.fr\/?p=1626"},"modified":"2021-10-29T23:10:09","modified_gmt":"2021-10-29T21:10:09","slug":"roman-psychologique-je-suis-la-fee-silence","status":"publish","type":"post","link":"https:\/\/sensationslivres.com\/fr_fr\/roman-psychologique-je-suis-la-fee-silence\/","title":{"rendered":"\u00ab\u00a0Je suis la f\u00e9e silence\u00a0\u00bb : non ce n&rsquo;est pas le pays des f\u00e9es !"},"content":{"rendered":"\n<p>Vous le savez, je suis une inconditionnelle de l&rsquo;auteure Muriel Denise. Le salon du livre de Berd&rsquo;Huis qui se d\u00e9roulait le 24 mars 2019 nous a permis une nouvelle rencontre.  J&rsquo;\u00e9tais ravie de la revoir et de d\u00e9couvrir son roman psychologique que j&rsquo;attendais depuis un moment. Mais non je ne suis pas impatiente, enfin ! <\/p>\n\n\n\n<div class=\"wp-block-image\"><figure class=\"aligncenter size-full\"><img loading=\"lazy\" decoding=\"async\" width=\"332\" height=\"499\" src=\"https:\/\/sensationslivres.com\/wp-content\/uploads\/2019\/06\/je-suis-la-fee-silence-Muriel-Denise-roman-policier.jpg\" alt=\"une-enfant-d\u00e9guis\u00e9e-en-f\u00e9e-plage-premi\u00e8re-de-couverture-je-suis-la-f\u00e9e-silence-roman-psychologique\" class=\"wp-image-8543\" srcset=\"https:\/\/sensationslivres.com\/wp-content\/uploads\/2019\/06\/je-suis-la-fee-silence-Muriel-Denise-roman-policier.jpg 332w, https:\/\/sensationslivres.com\/wp-content\/uploads\/2019\/06\/je-suis-la-fee-silence-Muriel-Denise-roman-policier-200x300.jpg 200w, https:\/\/sensationslivres.com\/wp-content\/uploads\/2019\/06\/je-suis-la-fee-silence-Muriel-Denise-roman-policier-166x250.jpg 166w, https:\/\/sensationslivres.com\/wp-content\/uploads\/2019\/06\/je-suis-la-fee-silence-Muriel-Denise-roman-policier-319x480.jpg 319w\" sizes=\"auto, (max-width: 332px) 100vw, 332px\" \/><\/figure><\/div>\n\n\n\n<h2 class=\"has-normal-font-size wp-block-heading\">Un ouvrage qui vous emm\u00e8ne<\/h2>\n\n\n\n<p>Si je vous dis que je l&rsquo;ai d\u00e9vor\u00e9 en une journ\u00e9e, je sais que vous me croirez. Mais en v\u00e9rit\u00e9, je l&rsquo;ai lu en une nuit, et je me suis couch\u00e9e tr\u00e8s t\u00f4t le matin. M\u00eame pas fatigu\u00e9e, prise par l&rsquo;intrigue, refermer \u00ab\u00a0je suis la f\u00e9e silence\u00a0\u00bb : c&rsquo;\u00e9tait trop dur. <\/p>\n\n\n\n<p>La plume de Muriel est toujours envo\u00fbtante. La structure, toujours fascinante. L&rsquo;histoire se d\u00e9roule sous le regard et les pens\u00e9es de chaque protagonistes principaux. C&rsquo;est pour moi ce qui fait le sel de cet ouvrage, ce qui me fascine chez cette auteure.  En effet, ce n&rsquo;est pas donn\u00e9 \u00e0 tous de se mettre \u00e0 ce point dans la peau de chaque personnage, de leur donner corps ainsi. <\/p>\n\n\n\n<h2 class=\"has-normal-font-size wp-block-heading\">\u00ab\u00a0La f\u00e9e silence\u00a0\u00bb, un roman psychologique ou polar psychologique, on est vraiment oblig\u00e9 de choisir ?<\/h2>\n\n\n\n<p>Comme toujours Muriel Denise laisse sa plume vous dresser un portrait psychologique tr\u00e8s fins de ses personnages. Si fin qu&rsquo;on croirait reconna\u00eetre H\u00e9l\u00e8ne, Luigi, Julia, Sandra et bien d&rsquo;autres dans ces personnalit\u00e9s cisel\u00e9es. <\/p>\n\n\n\n<p>Au moment d&rsquo;\u00e9crire ces lignes, je m&rsquo;interroge encore : dans quelle cat\u00e9gorie vais-je classer cet ouvrage. Le \u00ab\u00a0roman\u00a0\u00bb lui conviendrait tr\u00e8s bien, mais l&rsquo;intrigue psychologique y est si dense que mon esprit pense \u00ab\u00a0polar\u00a0\u00bb. <\/p>\n\n\n\n<p>Car les ingr\u00e9dients sont d\u00e9finitivement ceux du polar !<\/p>\n\n\n\n<h2 class=\"has-normal-font-size wp-block-heading\">Quand tu n&rsquo;arrives pas \u00e0 refermer \u00ab\u00a0La f\u00e9e silence\u00a0\u00bb de Muriel Denise<\/h2>\n\n\n\n<p>Comme je vous l&rsquo;ai dit, impossible pour moi de fermer ce roman.  L&rsquo;intrigue vous porte jusqu&rsquo;au bout, jusqu&rsquo;\u00e0 la r\u00e9solution. Le style, diff\u00e9rent pour chaque personnage qui exprime le ressenti du protagoniste pour chacun des \u00e9v\u00e9nements s&rsquo;adapte parfaitement. De la narration dans la narration, on pourrait avoir peur de s&rsquo;y perdre, mais toute la subtilit\u00e9 et la force de Muriel Denise et de \u00ab\u00a0Je suis la f\u00e9e silence\u00a0\u00bb est l\u00e0 : on ne peut pas se perdre ! Et c&rsquo;est ainsi que les personnages prennent vie, dans notre imaginaire.<\/p>\n\n\n\n<p>Vous l&rsquo;avez compris, je suis tomb\u00e9e sous le charme de \u00ab\u00a0Je suis la f\u00e9e silence\u00a0\u00bb, m\u00eame si je suis une incorrigible bavarde ! <\/p>\n\n\n\n<h2 class=\"has-normal-font-size wp-block-heading\">Synopsis <\/h2>\n\n\n\n<blockquote class=\"wp-block-quote is-layout-flow wp-block-quote-is-layout-flow\"><p>Impossible d&rsquo;\u00e9chapper \u00e0 son pass\u00e9,lorsqu&rsquo;une histoire se fige, inachev\u00e9e. <\/p><p>Mensonges, non-dits, fuite en avant qui conduisent \u00e0 une vengeance implacable, balayant tout et tous sur son passage&#8230;<\/p><cite>in R\u00e9sum\u00e9 de \u00ab\u00a0Je suis la f\u00e9e silence\u00a0\u00bb, Muriel Denise, les \u00c9ditions du Loir<\/cite><\/blockquote>\n\n\n\n<p>Comment de mensonges en mensonges, de fuites en avant, une vie que l&rsquo;on pensait \u00e9tablie peut basculer et mettre en danger ceux que l&rsquo;on aime ? Faut-il persister dans ce secret ou faire le choix de la v\u00e9rit\u00e9 et des risques que comportent sa r\u00e9v\u00e9lation ? <\/p>\n","protected":false},"excerpt":{"rendered":"<p>Le nouvel ouvrage de Muriel Denise, \u00ab\u00a0Je suis la f\u00e9e silence\u00a0\u00bb est dans les bacs. Un roman policier \u00e0 la patte psychologique qui ravira les plus exigeants.<\/p>\n","protected":false},"author":1,"featured_media":1627,"comment_status":"open","ping_status":"open","sticky":false,"template":"","format":"standard","meta":{"novablocks_hero_scroll_indicator":false,"novablocks_hero_position_indicators":false,"footnotes":""},"categories":[30],"tags":[],"class_list":["post-1626","post","type-post","status-publish","format-standard","has-post-thumbnail","hentry","category-romans-policier-thriller"],"_links":{"self":[{"href":"https:\/\/sensationslivres.com\/fr_fr\/wp-json\/wp\/v2\/posts\/1626","targetHints":{"allow":["GET"]}}],"collection":[{"href":"https:\/\/sensationslivres.com\/fr_fr\/wp-json\/wp\/v2\/posts"}],"about":[{"href":"https:\/\/sensationslivres.com\/fr_fr\/wp-json\/wp\/v2\/types\/post"}],"author":[{"embeddable":true,"href":"https:\/\/sensationslivres.com\/fr_fr\/wp-json\/wp\/v2\/users\/1"}],"replies":[{"embeddable":true,"href":"https:\/\/sensationslivres.com\/fr_fr\/wp-json\/wp\/v2\/comments?post=1626"}],"version-history":[{"count":2,"href":"https:\/\/sensationslivres.com\/fr_fr\/wp-json\/wp\/v2\/posts\/1626\/revisions"}],"predecessor-version":[{"id":8567,"href":"https:\/\/sensationslivres.com\/fr_fr\/wp-json\/wp\/v2\/posts\/1626\/revisions\/8567"}],"wp:featuredmedia":[{"embeddable":true,"href":"https:\/\/sensationslivres.com\/fr_fr\/wp-json\/wp\/v2\/media\/1627"}],"wp:attachment":[{"href":"https:\/\/sensationslivres.com\/fr_fr\/wp-json\/wp\/v2\/media?parent=1626"}],"wp:term":[{"taxonomy":"category","embeddable":true,"href":"https:\/\/sensationslivres.com\/fr_fr\/wp-json\/wp\/v2\/categories?post=1626"},{"taxonomy":"post_tag","embeddable":true,"href":"https:\/\/sensationslivres.com\/fr_fr\/wp-json\/wp\/v2\/tags?post=1626"}],"curies":[{"name":"wp","href":"https:\/\/api.w.org\/{rel}","templated":true}]}}