{"id":29,"date":"2015-12-28T15:29:44","date_gmt":"2015-12-28T14:29:44","guid":{"rendered":"http:\/\/www.lectures-de-ma-l.fr\/?p=29"},"modified":"2021-10-31T01:43:47","modified_gmt":"2021-10-30T23:43:47","slug":"clair-obscur","status":"publish","type":"post","link":"https:\/\/sensationslivres.com\/fr_fr\/clair-obscur\/","title":{"rendered":"Clair &#8211; Obscur de Muriel Denise"},"content":{"rendered":"\n<div class=\"wp-block-image is-style-default\"><figure class=\"aligncenter size-full\"><img loading=\"lazy\" decoding=\"async\" width=\"364\" height=\"545\" src=\"https:\/\/sensationslivres.com\/wp-content\/uploads\/2015\/12\/clairobscur.jpg\" alt=\"Clair Obscur Muriel Denise Romans\" class=\"wp-image-621\" srcset=\"https:\/\/sensationslivres.com\/wp-content\/uploads\/2015\/12\/clairobscur.jpg 364w, https:\/\/sensationslivres.com\/wp-content\/uploads\/2015\/12\/clairobscur-200x300.jpg 200w, https:\/\/sensationslivres.com\/wp-content\/uploads\/2015\/12\/clairobscur-167x250.jpg 167w, https:\/\/sensationslivres.com\/wp-content\/uploads\/2015\/12\/clairobscur-321x480.jpg 321w\" sizes=\"auto, (max-width: 364px) 100vw, 364px\" \/><\/figure><\/div>\n\n\n\n<p class=\"is-style-lead\">C&rsquo;est d&rsquo;abord une rencontre entre une moi survolt\u00e9e et une Muriel apaisante, durant la 5\u00e8me Biennale du Livre de Ch\u00e2teaudun et je tiens ici, \u00e0 la remercier.<\/p>\n\n\n\n<p class=\"is-style-lead\">Si j&rsquo;avais pu, j&rsquo;aurais pris ces deux ouvrages, mais il me fallait faire un choix. Je ne suis pas d\u00e9\u00e7ue de ce choix.<\/p>\n\n\n\n<p class=\"is-style-lead\">Clair-Obscur, c&rsquo;est un peu l&rsquo;histoire de 3 chemins de vie, des chemins compliqu\u00e9s et difficiles, des sois \u00e0 retrouver. C&rsquo;est une fa\u00e7on de conter ce triangle amicale, amoureux, avec une touche toute particuli\u00e8re.<\/p>\n\n\n\n<p class=\"is-style-lead\">Une plong\u00e9e dans l&rsquo;\u00e2me humaine, quand elle s&rsquo;effondre pour mieux se reconstruire. Un roman plein d&rsquo;amour, d&rsquo;altruisme si vous pr\u00e9f\u00e9rez, c&rsquo;est aussi une rencontre avec nous m\u00eame.<\/p>\n\n\n\n<p class=\"is-style-lead\">Un livre \u00e9mouvant, prenant et aussi apaisant, comme un long chemin vers la mer.<\/p>\n\n\n\n<p class=\"is-style-lead\">J&rsquo;aime Clair-Obscur, comme j&rsquo;aime Le Petit Prince de Saint-Exup\u00e9ry, et l\u00e0, c&rsquo;est fort !<\/p>\n\n\n\n<p class=\"has-text-align-center is-style-lead\">Clair-Obscur est disponible en version num\u00e9rique sur Amazon.<\/p>\n","protected":false},"excerpt":{"rendered":"<p>C&rsquo;est d&rsquo;abord une rencontre entre une moi survolt\u00e9e et une Muriel apaisante, durant la 5\u00e8me Biennale du Livre de Ch\u00e2teaudun et je tiens ici, \u00e0 [&hellip;]<\/p>\n","protected":false},"author":1,"featured_media":621,"comment_status":"open","ping_status":"open","sticky":false,"template":"","format":"standard","meta":{"novablocks_hero_scroll_indicator":false,"novablocks_hero_position_indicators":false,"footnotes":""},"categories":[32],"tags":[],"class_list":["post-29","post","type-post","status-publish","format-standard","has-post-thumbnail","hentry","category-romans"],"_links":{"self":[{"href":"https:\/\/sensationslivres.com\/fr_fr\/wp-json\/wp\/v2\/posts\/29","targetHints":{"allow":["GET"]}}],"collection":[{"href":"https:\/\/sensationslivres.com\/fr_fr\/wp-json\/wp\/v2\/posts"}],"about":[{"href":"https:\/\/sensationslivres.com\/fr_fr\/wp-json\/wp\/v2\/types\/post"}],"author":[{"embeddable":true,"href":"https:\/\/sensationslivres.com\/fr_fr\/wp-json\/wp\/v2\/users\/1"}],"replies":[{"embeddable":true,"href":"https:\/\/sensationslivres.com\/fr_fr\/wp-json\/wp\/v2\/comments?post=29"}],"version-history":[{"count":2,"href":"https:\/\/sensationslivres.com\/fr_fr\/wp-json\/wp\/v2\/posts\/29\/revisions"}],"predecessor-version":[{"id":12861,"href":"https:\/\/sensationslivres.com\/fr_fr\/wp-json\/wp\/v2\/posts\/29\/revisions\/12861"}],"wp:featuredmedia":[{"embeddable":true,"href":"https:\/\/sensationslivres.com\/fr_fr\/wp-json\/wp\/v2\/media\/621"}],"wp:attachment":[{"href":"https:\/\/sensationslivres.com\/fr_fr\/wp-json\/wp\/v2\/media?parent=29"}],"wp:term":[{"taxonomy":"category","embeddable":true,"href":"https:\/\/sensationslivres.com\/fr_fr\/wp-json\/wp\/v2\/categories?post=29"},{"taxonomy":"post_tag","embeddable":true,"href":"https:\/\/sensationslivres.com\/fr_fr\/wp-json\/wp\/v2\/tags?post=29"}],"curies":[{"name":"wp","href":"https:\/\/api.w.org\/{rel}","templated":true}]}}