{"id":43,"date":"2016-01-20T15:39:07","date_gmt":"2016-01-20T14:39:07","guid":{"rendered":"http:\/\/www.lectures-de-ma-l.fr\/?p=43"},"modified":"2021-10-31T01:37:47","modified_gmt":"2021-10-30T23:37:47","slug":"il-le-deracine-de-homayou-minoui","status":"publish","type":"post","link":"https:\/\/sensationslivres.com\/fr_fr\/il-le-deracine-de-homayou-minoui\/","title":{"rendered":"Il, le D\u00e9racin\u00e9 de Homayou Minoui"},"content":{"rendered":"\n<div class=\"wp-block-image is-style-default\"><figure class=\"aligncenter size-full\"><img loading=\"lazy\" decoding=\"async\" width=\"299\" height=\"448\" src=\"https:\/\/sensationslivres.com\/wp-content\/uploads\/2017\/12\/il_le-deracine_homayun_minoui.jpg\" alt=\"\" class=\"wp-image-341\" srcset=\"https:\/\/sensationslivres.com\/wp-content\/uploads\/2017\/12\/il_le-deracine_homayun_minoui.jpg 299w, https:\/\/sensationslivres.com\/wp-content\/uploads\/2017\/12\/il_le-deracine_homayun_minoui-200x300.jpg 200w, https:\/\/sensationslivres.com\/wp-content\/uploads\/2017\/12\/il_le-deracine_homayun_minoui-167x250.jpg 167w\" sizes=\"auto, (max-width: 299px) 100vw, 299px\" \/><\/figure><\/div>\n\n\n\n<p class=\"is-style-lead\">C&rsquo;\u00e9tait la premi\u00e8re fois que je lisais une biographie, j&rsquo;avoue, je suis plut\u00f4t polar et fantastique, personne n&rsquo;est parfait&#8230;<\/p>\n\n\n\n<p class=\"is-style-lead\">Je ne m&rsquo;attendais pas le moins du monde \u00e0 \u00eatre s\u00e9duite par Il, le d\u00e9racin\u00e9, mais voil\u00e0, d\u00e8s les 3 premi\u00e8res pages, ce r\u00e9cit \u00e0 deux voix, d&rsquo;un jeune homme catapult\u00e9 dans notre France des ann\u00e9es 50 m&rsquo;a fascin\u00e9, envo\u00fbt\u00e9.<\/p>\n\n\n\n<p class=\"is-style-lead\">Pour ceux qui ont la nostalgie de leurs jeunes ann\u00e9es, pour ceux qui aiment d\u00e9couvrir des \u00e9poques qui paraissent si fades dans les livres d&rsquo;histoire, pour la vie riche et pleine d&rsquo;amours, d&rsquo;amiti\u00e9s, de d\u00e9couvertes qu&rsquo;\u00e0 connu Il, pour sa po\u00e9sie, son humour, je vous recommande vivement la plong\u00e9e dans son univers !<\/p>\n\n\n\n<p class=\"is-style-lead\">&nbsp;<\/p>\n","protected":false},"excerpt":{"rendered":"<p>C&rsquo;\u00e9tait la premi\u00e8re fois que je lisais une biographie, j&rsquo;avoue, je suis plut\u00f4t polar et fantastique, personne n&rsquo;est parfait&#8230; Je ne m&rsquo;attendais pas le moins [&hellip;]<\/p>\n","protected":false},"author":1,"featured_media":534,"comment_status":"open","ping_status":"open","sticky":false,"template":"","format":"standard","meta":{"novablocks_hero_scroll_indicator":false,"novablocks_hero_position_indicators":false,"footnotes":""},"categories":[25],"tags":[],"class_list":["post-43","post","type-post","status-publish","format-standard","has-post-thumbnail","hentry","category-biographie"],"_links":{"self":[{"href":"https:\/\/sensationslivres.com\/fr_fr\/wp-json\/wp\/v2\/posts\/43","targetHints":{"allow":["GET"]}}],"collection":[{"href":"https:\/\/sensationslivres.com\/fr_fr\/wp-json\/wp\/v2\/posts"}],"about":[{"href":"https:\/\/sensationslivres.com\/fr_fr\/wp-json\/wp\/v2\/types\/post"}],"author":[{"embeddable":true,"href":"https:\/\/sensationslivres.com\/fr_fr\/wp-json\/wp\/v2\/users\/1"}],"replies":[{"embeddable":true,"href":"https:\/\/sensationslivres.com\/fr_fr\/wp-json\/wp\/v2\/comments?post=43"}],"version-history":[{"count":2,"href":"https:\/\/sensationslivres.com\/fr_fr\/wp-json\/wp\/v2\/posts\/43\/revisions"}],"predecessor-version":[{"id":12805,"href":"https:\/\/sensationslivres.com\/fr_fr\/wp-json\/wp\/v2\/posts\/43\/revisions\/12805"}],"wp:featuredmedia":[{"embeddable":true,"href":"https:\/\/sensationslivres.com\/fr_fr\/wp-json\/wp\/v2\/media\/534"}],"wp:attachment":[{"href":"https:\/\/sensationslivres.com\/fr_fr\/wp-json\/wp\/v2\/media?parent=43"}],"wp:term":[{"taxonomy":"category","embeddable":true,"href":"https:\/\/sensationslivres.com\/fr_fr\/wp-json\/wp\/v2\/categories?post=43"},{"taxonomy":"post_tag","embeddable":true,"href":"https:\/\/sensationslivres.com\/fr_fr\/wp-json\/wp\/v2\/tags?post=43"}],"curies":[{"name":"wp","href":"https:\/\/api.w.org\/{rel}","templated":true}]}}