{"id":57,"date":"2016-04-07T15:53:43","date_gmt":"2016-04-07T13:53:43","guid":{"rendered":"http:\/\/www.lectures-de-ma-l.fr\/?p=57"},"modified":"2021-10-31T01:14:41","modified_gmt":"2021-10-30T23:14:41","slug":"la-muse-du-perche-laurence-de-calan","status":"publish","type":"post","link":"https:\/\/sensationslivres.com\/fr_fr\/la-muse-du-perche-laurence-de-calan\/","title":{"rendered":"La muse du Perche, Laurence De Calan"},"content":{"rendered":"\n<div class=\"wp-block-image is-style-default\"><figure class=\"aligncenter size-large\"><img loading=\"lazy\" decoding=\"async\" width=\"1024\" height=\"649\" src=\"https:\/\/sensationslivres.com\/wp-content\/uploads\/2017\/12\/La-Muse-du-Perche-2-1024x649.jpg\" alt=\"muse-du-perche-poesie-recueil\" class=\"wp-image-314\" srcset=\"https:\/\/sensationslivres.com\/wp-content\/uploads\/2017\/12\/La-Muse-du-Perche-2-1024x649.jpg 1024w, https:\/\/sensationslivres.com\/wp-content\/uploads\/2017\/12\/La-Muse-du-Perche-2-300x190.jpg 300w, https:\/\/sensationslivres.com\/wp-content\/uploads\/2017\/12\/La-Muse-du-Perche-2-768x487.jpg 768w, https:\/\/sensationslivres.com\/wp-content\/uploads\/2017\/12\/La-Muse-du-Perche-2-250x159.jpg 250w, https:\/\/sensationslivres.com\/wp-content\/uploads\/2017\/12\/La-Muse-du-Perche-2-480x304.jpg 480w, https:\/\/sensationslivres.com\/wp-content\/uploads\/2017\/12\/La-Muse-du-Perche-2.jpg 1320w\" sizes=\"auto, (max-width: 1024px) 100vw, 1024px\" \/><\/figure><\/div>\n\n\n\n<p class=\"is-style-lead\">Mine de rien, par son format, la collection la Muse du Perche est un vrai tr\u00e9sor, un tr\u00e9sor sur le Perche, au fil des saisons et des ann\u00e9es.<\/p>\n\n\n\n<p class=\"is-style-lead\">Laurence De Calan, dans cette collection, vous raconte avec ses mots, sa bonne humeur, sa po\u00e9sie, le Perche et ses richesses. Des richesses faites de saisons, d&rsquo;amour, de nature, d&rsquo;artistes et d&rsquo;artisans, de recettes sugg\u00e9r\u00e9es par les restaurateurs de notre belle r\u00e9gion.<\/p>\n\n\n\n<p class=\"is-style-lead\">C&rsquo;est une autre fa\u00e7on, po\u00e9tique, pleine de tendresse et de curiosit\u00e9 de d\u00e9couvrir le Perche.<\/p>\n\n\n\n<p class=\"is-style-lead\">De sa premi\u00e8re parution, en 2014, \u00e0 la prochaine, qui ne devrait plus tarder, laissez&nbsp;vous bercer par les mots tendrement susurrer et les images magnifiques du Perche et de ses acteurs.<\/p>\n\n\n\n<p class=\"is-style-lead\">La Muse du Perche, c&rsquo;est un peu comme le Perche lui m\u00eame, elle vous envo\u00fbte, vous inspire, pour votre plus grand bonheur !<\/p>\n","protected":false},"excerpt":{"rendered":"<p>D\u00e9couvrez le Perche, ses artisans et ses artistes avec La Muse du Perche <\/p>\n","protected":false},"author":1,"featured_media":314,"comment_status":"open","ping_status":"open","sticky":false,"template":"","format":"standard","meta":{"novablocks_hero_scroll_indicator":false,"novablocks_hero_position_indicators":false,"footnotes":""},"categories":[29],"tags":[],"class_list":["post-57","post","type-post","status-publish","format-standard","has-post-thumbnail","hentry","category-poesie-recueil"],"_links":{"self":[{"href":"https:\/\/sensationslivres.com\/fr_fr\/wp-json\/wp\/v2\/posts\/57","targetHints":{"allow":["GET"]}}],"collection":[{"href":"https:\/\/sensationslivres.com\/fr_fr\/wp-json\/wp\/v2\/posts"}],"about":[{"href":"https:\/\/sensationslivres.com\/fr_fr\/wp-json\/wp\/v2\/types\/post"}],"author":[{"embeddable":true,"href":"https:\/\/sensationslivres.com\/fr_fr\/wp-json\/wp\/v2\/users\/1"}],"replies":[{"embeddable":true,"href":"https:\/\/sensationslivres.com\/fr_fr\/wp-json\/wp\/v2\/comments?post=57"}],"version-history":[{"count":1,"href":"https:\/\/sensationslivres.com\/fr_fr\/wp-json\/wp\/v2\/posts\/57\/revisions"}],"predecessor-version":[{"id":12655,"href":"https:\/\/sensationslivres.com\/fr_fr\/wp-json\/wp\/v2\/posts\/57\/revisions\/12655"}],"wp:featuredmedia":[{"embeddable":true,"href":"https:\/\/sensationslivres.com\/fr_fr\/wp-json\/wp\/v2\/media\/314"}],"wp:attachment":[{"href":"https:\/\/sensationslivres.com\/fr_fr\/wp-json\/wp\/v2\/media?parent=57"}],"wp:term":[{"taxonomy":"category","embeddable":true,"href":"https:\/\/sensationslivres.com\/fr_fr\/wp-json\/wp\/v2\/categories?post=57"},{"taxonomy":"post_tag","embeddable":true,"href":"https:\/\/sensationslivres.com\/fr_fr\/wp-json\/wp\/v2\/tags?post=57"}],"curies":[{"name":"wp","href":"https:\/\/api.w.org\/{rel}","templated":true}]}}