{"id":7906,"date":"2015-12-28T15:23:58","date_gmt":"2015-12-28T14:23:58","guid":{"rendered":"http:\/\/www.lectures-de-ma-l.fr\/?p=20"},"modified":"2021-10-31T01:50:21","modified_gmt":"2021-10-30T23:50:21","slug":"laffaire-brierre-un-crime-insense-a-la-belle-epoque","status":"publish","type":"post","link":"https:\/\/sensationslivres.com\/fr_fr\/laffaire-brierre-un-crime-insense-a-la-belle-epoque\/","title":{"rendered":"L&rsquo;affaire Brierre, un crime insens\u00e9 \u00e0 la Belle Epoque"},"content":{"rendered":"\n<div class=\"wp-block-image is-style-default\"><figure class=\"aligncenter size-medium\"><img loading=\"lazy\" decoding=\"async\" width=\"202\" height=\"300\" src=\"https:\/\/sensationslivres.com\/wp-content\/uploads\/2017\/12\/laffaire-Briere-a-denizet--202x300.jpg\" alt=\"L'affaire Brierre Alain Denizet socio\" class=\"wp-image-344\" srcset=\"https:\/\/sensationslivres.com\/wp-content\/uploads\/2017\/12\/laffaire-Briere-a-denizet--202x300.jpg 202w, https:\/\/sensationslivres.com\/wp-content\/uploads\/2017\/12\/laffaire-Briere-a-denizet--688x1024.jpg 688w, https:\/\/sensationslivres.com\/wp-content\/uploads\/2017\/12\/laffaire-Briere-a-denizet--768x1143.jpg 768w, https:\/\/sensationslivres.com\/wp-content\/uploads\/2017\/12\/laffaire-Briere-a-denizet--1032x1536.jpg 1032w, https:\/\/sensationslivres.com\/wp-content\/uploads\/2017\/12\/laffaire-Briere-a-denizet--168x250.jpg 168w, https:\/\/sensationslivres.com\/wp-content\/uploads\/2017\/12\/laffaire-Briere-a-denizet--918x1366.jpg 918w, https:\/\/sensationslivres.com\/wp-content\/uploads\/2017\/12\/laffaire-Briere-a-denizet--516x768.jpg 516w, https:\/\/sensationslivres.com\/wp-content\/uploads\/2017\/12\/laffaire-Briere-a-denizet--323x480.jpg 323w, https:\/\/sensationslivres.com\/wp-content\/uploads\/2017\/12\/laffaire-Briere-a-denizet-.jpg 1320w\" sizes=\"auto, (max-width: 202px) 100vw, 202px\" \/><\/figure><\/div>\n\n\n\n<p class=\"is-style-lead\">Une belle et intense plong\u00e9e dans le crime de 5 enfants de Morancez qui eut lieu dans la nuit du 21 avril 1901 mais pas que.<\/p>\n\n\n\n<p class=\"is-style-lead\">Gr\u00e2ce \u00e0 Alain Denizet, \u00e0 ses recherches (mon dieu, il a du en compulser des journaux, des articles, proc\u00e8s verbaux&#8230;) et \u00e0 la lumi\u00e8re qu&rsquo;il jette sur cette affaire qui d\u00e9fraya la chronique de nombreux journaux locaux, nationaux et internationaux, nous d\u00e9couvrons la vie paysanne de ce d\u00e9but de 20\u00e8me si\u00e8cle mais \u00e9galement les ressorts d&rsquo;une justice (pas toujours juste, c&rsquo;est ce que je me dis apr\u00e8s avoir lu ce livre) et les ressorts d&rsquo;une presse \u00e0 l&rsquo;\u00e9poque florissante et d\u00e9j\u00e0 \u00ab\u00a0voyeuriste\u00a0\u00bb (\u00e7a c&rsquo;est mon point de vue).<\/p>\n\n\n\n<p class=\"is-style-lead\">En refermant ce livre, je n&rsquo;ai toujours pas d\u00e9cid\u00e9 de mon point de vue sur la culpabilit\u00e9 ou non de Brierre dans l&rsquo;assassinat de ses enfants.<\/p>\n\n\n\n<p class=\"is-style-lead\">Vous l&rsquo;aurez compris, j&rsquo;ai d\u00e9vor\u00e9 avec plaisir et curiosit\u00e9 l&rsquo;\u00e9nigme que laisse encore cette affaire. Cet \u00e9clairage historique d&rsquo;une affaire qui a longtemps d\u00e9fray\u00e9 la chronique, je ne l&rsquo;ai pas lu que d&rsquo;un point de vue historique car au del\u00e0 de ce propos, l&rsquo;\u00e9clairage d&rsquo; Alain Denizet me prend \u00e0 me demander qu&rsquo;elle fut la responsabilit\u00e9 des uns et des autres dans la culpabilit\u00e9 de ce p\u00e8re de famille veuf et taciturne et qui, mal int\u00e9gr\u00e9 socialement, faisait de lui un coupable id\u00e9al ?<\/p>\n\n\n\n<p class=\"is-style-lead\">Je remercie Alain Denizet de cet \u00e9clairage \u00e0 la fois historique et social qui m&rsquo;a \u00e9galement permis d&rsquo;appr\u00e9hender les pr\u00e9toires de la Belle Epoque.<\/p>\n\n\n\n<p class=\"has-text-align-center is-style-lead\"><strong>En r\u00e9sum\u00e9, un livre que je recommande, que l&rsquo;on soit f\u00e9ru d&rsquo;histoire ou pas !<\/strong><\/p>\n","protected":false},"excerpt":{"rendered":"<p>Une belle et intense plong\u00e9e dans le crime de 5 enfants de Morancez qui eut lieu dans la nuit du 21 avril 1901 mais pas [&hellip;]<\/p>\n","protected":false},"author":1,"featured_media":344,"comment_status":"open","ping_status":"open","sticky":false,"template":"","format":"standard","meta":{"novablocks_hero_scroll_indicator":false,"novablocks_hero_position_indicators":false,"footnotes":""},"categories":[31],"tags":[],"class_list":["post-7906","post","type-post","status-publish","format-standard","has-post-thumbnail","hentry","category-psycho-philo-socio"],"_links":{"self":[{"href":"https:\/\/sensationslivres.com\/fr_fr\/wp-json\/wp\/v2\/posts\/7906","targetHints":{"allow":["GET"]}}],"collection":[{"href":"https:\/\/sensationslivres.com\/fr_fr\/wp-json\/wp\/v2\/posts"}],"about":[{"href":"https:\/\/sensationslivres.com\/fr_fr\/wp-json\/wp\/v2\/types\/post"}],"author":[{"embeddable":true,"href":"https:\/\/sensationslivres.com\/fr_fr\/wp-json\/wp\/v2\/users\/1"}],"replies":[{"embeddable":true,"href":"https:\/\/sensationslivres.com\/fr_fr\/wp-json\/wp\/v2\/comments?post=7906"}],"version-history":[{"count":2,"href":"https:\/\/sensationslivres.com\/fr_fr\/wp-json\/wp\/v2\/posts\/7906\/revisions"}],"predecessor-version":[{"id":12903,"href":"https:\/\/sensationslivres.com\/fr_fr\/wp-json\/wp\/v2\/posts\/7906\/revisions\/12903"}],"wp:featuredmedia":[{"embeddable":true,"href":"https:\/\/sensationslivres.com\/fr_fr\/wp-json\/wp\/v2\/media\/344"}],"wp:attachment":[{"href":"https:\/\/sensationslivres.com\/fr_fr\/wp-json\/wp\/v2\/media?parent=7906"}],"wp:term":[{"taxonomy":"category","embeddable":true,"href":"https:\/\/sensationslivres.com\/fr_fr\/wp-json\/wp\/v2\/categories?post=7906"},{"taxonomy":"post_tag","embeddable":true,"href":"https:\/\/sensationslivres.com\/fr_fr\/wp-json\/wp\/v2\/tags?post=7906"}],"curies":[{"name":"wp","href":"https:\/\/api.w.org\/{rel}","templated":true}]}}