{"id":81,"date":"2016-07-25T16:12:31","date_gmt":"2016-07-25T14:12:31","guid":{"rendered":"http:\/\/www.lectures-de-ma-l.fr\/?p=81"},"modified":"2021-10-29T19:31:09","modified_gmt":"2021-10-29T17:31:09","slug":"esprit-de-famille-dellen-guillemain","status":"publish","type":"post","link":"https:\/\/sensationslivres.com\/fr_fr\/esprit-de-famille-dellen-guillemain\/","title":{"rendered":"Esprit de famille d&rsquo;Ellen Guillemain"},"content":{"rendered":"\n<div class=\"wp-block-image is-style-default\"><figure class=\"aligncenter size-full\"><a href=\"https:\/\/sensationslivres.com\/wp-content\/uploads\/2016\/07\/esprit-de-famille.jpg\"><img loading=\"lazy\" decoding=\"async\" width=\"364\" height=\"545\" src=\"https:\/\/sensationslivres.com\/wp-content\/uploads\/2016\/07\/esprit-de-famille.jpg\" alt=\"clown-cimetiere-esprit-de-famille\" class=\"wp-image-584\" srcset=\"https:\/\/sensationslivres.com\/wp-content\/uploads\/2016\/07\/esprit-de-famille.jpg 364w, https:\/\/sensationslivres.com\/wp-content\/uploads\/2016\/07\/esprit-de-famille-200x300.jpg 200w, https:\/\/sensationslivres.com\/wp-content\/uploads\/2016\/07\/esprit-de-famille-167x250.jpg 167w, https:\/\/sensationslivres.com\/wp-content\/uploads\/2016\/07\/esprit-de-famille-321x480.jpg 321w\" sizes=\"auto, (max-width: 364px) 100vw, 364px\" \/><\/a><\/figure><\/div>\n\n\n\n<p class=\"is-style-lead\">Faut dire que le couverture m&rsquo;avait tap\u00e9 dans l\u2019\u0153il, d\u00e8s la premi\u00e8re seconde, mais parfois, la vie fait mal les choses, et au ch\u00f4mage \u00e0 ce moment l\u00e0, (malheureusement, j&rsquo;y retourne \u00e0 la fin de la semaine, mais c&rsquo;est une autre histoire&#8230;) je n&rsquo;avais pu faire l&rsquo;acquisition de cet ouvrage, dont le titre, la couverture, le r\u00e9sum\u00e9 (ou synopsis pour les \u00e9rudits) ainsi que l&rsquo;auteur m&rsquo;avaient attir\u00e9 telle une araign\u00e9e dans sa toile&#8230; Mais c&rsquo;est aujourd&rsquo;hui chose faite, ouf !<\/p>\n\n\n\n<p class=\"is-style-lead\">Bienvenue dans Esprit de famille un livre \u00e0 la fois tendre, \u00e9mouvant&nbsp;et pourtant brute, mais brute comme il faut, hein ! Apr\u00e8s sa lecture, je me suis sentie un brin soulag\u00e9e, finalement ma famille n&rsquo;est pas si barr\u00e9e aux miettes que je le croyais, par contre celle d&rsquo; Esprit de famille&#8230;<\/p>\n\n\n\n<p class=\"is-style-lead\">Au del\u00e0 de l&rsquo;\u00e9motion que suscite son ouvrage, Ellen Guillemain sait mettre en exergue les petits d\u00e9fauts de chacun de ses personnages, et l&rsquo;on sent au travers des lignes, des mots, qu&rsquo;elle aime cette famille qui n&rsquo;est d\u00e9cid\u00e9ment pas comme les autres.<\/p>\n\n\n\n<p class=\"is-style-lead\">Chaque famille a ses secrets, ceux de la famille de Nouche ne sont pas en reste&nbsp;et vous feront voyager dans leurs errements si particuliers.<\/p>\n\n\n\n<p class=\"has-text-align-center is-style-lead\">Un petit extrait de sa plume, un tout petit :<\/p>\n\n\n\n<p class=\"is-style-lead\">\u00ab\u00a0Les \u00eatres humains sont comme des volcans \u00e9teints, des engins m\u00e9caniques ronronnant. Il leur suffit quelquefois d&rsquo;un \u00e9l\u00e9ment d\u00e9clencheur, comme un mouvement de la terre, un jet d&rsquo;huile dans un rouage, pour que tout se remette \u00e0 fonctionner, ou au contraire, \u00e0 exploser.\u00a0\u00bb Ellen Guillemain in Esprit de famille. J&rsquo;adore&#8230;<\/p>\n\n\n\n<p class=\"is-style-lead\">Pour le coup, je regrette \u00e0 pr\u00e9sent de ne pas conna\u00eetre son premier roman Un crime amoureux, paru en 2012, mais je compte bien le mettre dans mon sac \u00e0 lecture tr\u00e8s bient\u00f4t (non moi j&rsquo;ai pas de PAL, en fait si, mais chut&#8230;).<\/p>\n\n\n\n<p class=\"is-style-lead\">Bref, c&rsquo;est encore avec regret que j&rsquo;ai referm\u00e9 la derni\u00e8re page de Esprit de famille d&rsquo;Ellen Guillemain, car je m&rsquo;\u00e9tais attach\u00e9e \u00e0 Nouche, son fr\u00e8re, sa s\u0153ur&#8230;<\/p>\n","protected":false},"excerpt":{"rendered":"<p>Faut dire que le couverture m&rsquo;avait tap\u00e9 dans l\u2019\u0153il, d\u00e8s la premi\u00e8re seconde, mais parfois, la vie fait mal les choses, et au ch\u00f4mage \u00e0 [&hellip;]<\/p>\n","protected":false},"author":1,"featured_media":584,"comment_status":"open","ping_status":"open","sticky":false,"template":"","format":"standard","meta":{"novablocks_hero_scroll_indicator":false,"novablocks_hero_position_indicators":false,"footnotes":""},"categories":[32],"tags":[],"class_list":["post-81","post","type-post","status-publish","format-standard","has-post-thumbnail","hentry","category-romans"],"_links":{"self":[{"href":"https:\/\/sensationslivres.com\/fr_fr\/wp-json\/wp\/v2\/posts\/81","targetHints":{"allow":["GET"]}}],"collection":[{"href":"https:\/\/sensationslivres.com\/fr_fr\/wp-json\/wp\/v2\/posts"}],"about":[{"href":"https:\/\/sensationslivres.com\/fr_fr\/wp-json\/wp\/v2\/types\/post"}],"author":[{"embeddable":true,"href":"https:\/\/sensationslivres.com\/fr_fr\/wp-json\/wp\/v2\/users\/1"}],"replies":[{"embeddable":true,"href":"https:\/\/sensationslivres.com\/fr_fr\/wp-json\/wp\/v2\/comments?post=81"}],"version-history":[{"count":1,"href":"https:\/\/sensationslivres.com\/fr_fr\/wp-json\/wp\/v2\/posts\/81\/revisions"}],"predecessor-version":[{"id":10041,"href":"https:\/\/sensationslivres.com\/fr_fr\/wp-json\/wp\/v2\/posts\/81\/revisions\/10041"}],"wp:featuredmedia":[{"embeddable":true,"href":"https:\/\/sensationslivres.com\/fr_fr\/wp-json\/wp\/v2\/media\/584"}],"wp:attachment":[{"href":"https:\/\/sensationslivres.com\/fr_fr\/wp-json\/wp\/v2\/media?parent=81"}],"wp:term":[{"taxonomy":"category","embeddable":true,"href":"https:\/\/sensationslivres.com\/fr_fr\/wp-json\/wp\/v2\/categories?post=81"},{"taxonomy":"post_tag","embeddable":true,"href":"https:\/\/sensationslivres.com\/fr_fr\/wp-json\/wp\/v2\/tags?post=81"}],"curies":[{"name":"wp","href":"https:\/\/api.w.org\/{rel}","templated":true}]}}